{"id":4761,"date":"2016-12-10T08:00:08","date_gmt":"2016-12-10T07:00:08","guid":{"rendered":"http:\/\/www.corocittaluino.it\/wpress\/?p=4761"},"modified":"2017-10-17T12:18:54","modified_gmt":"2017-10-17T10:18:54","slug":"concerto-di-natale-in-occasione-del-50esimo-del-coro-citta-di-luino-lo-stivale-pensante","status":"publish","type":"post","link":"https:\/\/www.corocittaluino.it\/wpress\/?p=4761","title":{"rendered":"Concerto di Natale in occasione del 50esimo del Coro Citt\u00e0 di Luino &#8211; Lo Stivale Pensante"},"content":{"rendered":"<h1 class=\"page-title\">Questa sera il Concerto di Natale, in occasione del 50esimo compleanno del Coro Citt\u00e0 di Luino<\/h1>\n<div class=\"post-meta\"><\/div>\n<div class=\"post-content\">\n<p>Un appuntamento da non mancare \u00e8 quello di questa sera con il Coro Citt\u00e0 di Luino che, dalle 21 al Santuario del Carmine, si esibir\u00e0 nel consueto Concerto di Natale, in occasione del 50esimo anniversario della sua fondazione.\u00a0<span id=\"more-103976\"><\/span>Ospite d\u2019eccezione il Coro \u201cBrigata Alpina Tridentina\u201d (Congedati). Il ricavato della serata sar\u00e0 destinato in beneficenza.<\/p>\n<p><img loading=\"lazy\" decoding=\"async\" class=\" wp-image-103977 aligncenter\" src=\"http:\/\/www.lostivalepensante.it\/wp-content\/uploads\/IMG-20160508-WA0018-Coro-CITTA-DI-LUINO.jpg\" sizes=\"(max-width: 700px) 100vw, 700px\" srcset=\"http:\/\/www.lostivalepensante.it\/wp-content\/uploads\/IMG-20160508-WA0018-Coro-CITTA-DI-LUINO-326x200.jpg 326x, http:\/\/www.lostivalepensante.it\/wp-content\/uploads\/IMG-20160508-WA0018-Coro-CITTA-DI-LUINO-300x184.jpg 300x, http:\/\/www.lostivalepensante.it\/wp-content\/uploads\/IMG-20160508-WA0018-Coro-CITTA-DI-LUINO.jpg 700x\" alt=\"Questa sera il Concerto di Natale, in occasione del 50esimo compleanno del Coro Citt\u00e0 di Luino\" width=\"348\" height=\"212\" \/><\/p>\n<p><strong>Questa sera il Concerto di Natale, in occasione del 50esimo compleanno del Coro Citt\u00e0 di Luino<\/strong>. Una serata speciale al Santuario del Carmine per salutare il Coro Citt\u00e0 di Luino nel suo 50esimo anniversario di fondazione e per ascoltare un Coro di Alpini che hanno svolto il servizio di leva fra il 1979 ed il 2003, provenienti da tutte le regioni del nord Italia. Il loro compito era quello di rappresentare la Brigata Alpina Tridentina attraverso la tradizione del canto, oltre a svolgere ovviamente tutti gli impegni di addestramento e servizio presso i reparti.<\/p>\n<p>Una volta congedati, con maggior frequenza a partire dal 2000, hanno iniziato a ritrovarsi ed a esibirsi in numerose manifestazioni con una formazione che \u00e8 cresciuta ed oggi varia dai 20 ai 40 cantori.<\/p>\n<p><strong>Per i luinesi e per gli Alpini sar\u00e0 l\u2019occasione per ascoltare diversi canti della collana inesauribile dei ricordi<\/strong>, che caratterizza la storia degli Alpini e non solo in quelle tragedie che hanno colpito il mondo nella prima e seconda guerra mondiale ed un pensiero rivolto a coloro che non sono tornati.<\/p>\n<p><strong>Tutto quanto viene raccolto come offerta dal pubblico \u00e8 devoluto in opere di beneficenza<\/strong>\u00a0a favore dei bambini bisognosi ed a questa opera di solidariet\u00e0 hanno dato il nome di questa opera di solidariet\u00e0 hanno dato il nome di \u201cProgetto Bocia\u201d.<\/p>\n<\/div>\n","protected":false},"excerpt":{"rendered":"<p>Questa sera il Concerto di Natale, in occasione del 50esimo compleanno del Coro Citt\u00e0 di Luino Un appuntamento da non mancare \u00e8 quello di questa sera con il Coro Citt\u00e0 di Luino che, dalle 21 al Santuario del Carmine, si esibir\u00e0 nel consueto Concerto di Natale, in occasione del 50esimo\u2026<\/p>\n<p class=\"continue-reading-button\"> <a class=\"continue-reading-link\" href=\"https:\/\/www.corocittaluino.it\/wpress\/?p=4761\">Continua la lettura<i class=\"crycon-right-dir\"><\/i><\/a><\/p>\n","protected":false},"author":2,"featured_media":0,"comment_status":"closed","ping_status":"open","sticky":false,"template":"","format":"standard","meta":{"ngg_post_thumbnail":0,"jetpack_post_was_ever_published":false,"_jetpack_newsletter_access":"","_jetpack_dont_email_post_to_subs":false,"_jetpack_newsletter_tier_id":0,"footnotes":"","jetpack_publicize_message":"","jetpack_publicize_feature_enabled":true,"jetpack_social_post_already_shared":true,"jetpack_social_options":{"image_generator_settings":{"template":"highway","enabled":false}}},"categories":[2],"tags":[],"jetpack_publicize_connections":[],"jetpack_featured_media_url":"","jetpack_sharing_enabled":true,"jetpack_shortlink":"https:\/\/wp.me\/p5n2hC-1eN","_links":{"self":[{"href":"https:\/\/www.corocittaluino.it\/wpress\/index.php?rest_route=\/wp\/v2\/posts\/4761"}],"collection":[{"href":"https:\/\/www.corocittaluino.it\/wpress\/index.php?rest_route=\/wp\/v2\/posts"}],"about":[{"href":"https:\/\/www.corocittaluino.it\/wpress\/index.php?rest_route=\/wp\/v2\/types\/post"}],"author":[{"embeddable":true,"href":"https:\/\/www.corocittaluino.it\/wpress\/index.php?rest_route=\/wp\/v2\/users\/2"}],"replies":[{"embeddable":true,"href":"https:\/\/www.corocittaluino.it\/wpress\/index.php?rest_route=%2Fwp%2Fv2%2Fcomments&post=4761"}],"version-history":[{"count":1,"href":"https:\/\/www.corocittaluino.it\/wpress\/index.php?rest_route=\/wp\/v2\/posts\/4761\/revisions"}],"predecessor-version":[{"id":4762,"href":"https:\/\/www.corocittaluino.it\/wpress\/index.php?rest_route=\/wp\/v2\/posts\/4761\/revisions\/4762"}],"wp:attachment":[{"href":"https:\/\/www.corocittaluino.it\/wpress\/index.php?rest_route=%2Fwp%2Fv2%2Fmedia&parent=4761"}],"wp:term":[{"taxonomy":"category","embeddable":true,"href":"https:\/\/www.corocittaluino.it\/wpress\/index.php?rest_route=%2Fwp%2Fv2%2Fcategories&post=4761"},{"taxonomy":"post_tag","embeddable":true,"href":"https:\/\/www.corocittaluino.it\/wpress\/index.php?rest_route=%2Fwp%2Fv2%2Ftags&post=4761"}],"curies":[{"name":"wp","href":"https:\/\/api.w.org\/{rel}","templated":true}]}}